{"id":1061,"date":"2012-04-18T22:16:06","date_gmt":"2012-04-18T20:16:06","guid":{"rendered":"http:\/\/oudoubice.cz\/?p=1061"},"modified":"2016-05-09T22:22:49","modified_gmt":"2016-05-09T20:22:49","slug":"zaverecny-ucet-obce-doubice-za-rok-2011","status":"publish","type":"post","link":"https:\/\/oudoubice.cz\/index.php\/2012\/04\/18\/zaverecny-ucet-obce-doubice-za-rok-2011\/","title":{"rendered":"Z\u00e1v\u011bre\u010dn\u00fd \u00fa\u010det obce Doubice za rok 2011"},"content":{"rendered":"<p>Z\u00e1v\u011bre\u010dn\u00fd \u00fa\u010det obce Doubice za rok 2011 &#8211; <a href=\"http:\/\/oudoubice.cz\/wp-content\/uploads\/2016\/05\/zaverecny_ucet_Doubice_2011.pdf\">zde<\/a><\/p>\n<p><a href=\"http:\/\/oudoubice.cz\/wp-content\/uploads\/2016\/05\/audit_2011_zprava3.jpg\"><img loading=\"lazy\" src=\"http:\/\/oudoubice.cz\/wp-content\/uploads\/2016\/05\/audit_2011_zprava3-218x300.jpg\" alt=\"zde\" width=\"218\" height=\"300\" class=\"alignnone size-medium wp-image-1067\" srcset=\"https:\/\/oudoubice.cz\/wp-content\/uploads\/2016\/05\/audit_2011_zprava3-218x300.jpg 218w, https:\/\/oudoubice.cz\/wp-content\/uploads\/2016\/05\/audit_2011_zprava3-743x1024.jpg 743w\" sizes=\"(max-width: 218px) 100vw, 218px\" \/><\/a><\/p>\n<p><a href=\"http:\/\/oudoubice.cz\/wp-content\/uploads\/2016\/05\/audit_2011_zprava5.jpg\"><img loading=\"lazy\" src=\"http:\/\/oudoubice.cz\/wp-content\/uploads\/2016\/05\/audit_2011_zprava5-188x300.jpg\" alt=\"zde\" width=\"188\" height=\"300\" class=\"alignnone size-medium wp-image-1069\" srcset=\"https:\/\/oudoubice.cz\/wp-content\/uploads\/2016\/05\/audit_2011_zprava5-188x300.jpg 188w, https:\/\/oudoubice.cz\/wp-content\/uploads\/2016\/05\/audit_2011_zprava5-641x1024.jpg 641w, https:\/\/oudoubice.cz\/wp-content\/uploads\/2016\/05\/audit_2011_zprava5.jpg 1926w\" sizes=\"(max-width: 188px) 100vw, 188px\" \/><\/a><\/p>\n<p><a href=\"http:\/\/oudoubice.cz\/wp-content\/uploads\/2016\/05\/audit_2011_zprava4.jpg\"><img loading=\"lazy\" src=\"http:\/\/oudoubice.cz\/wp-content\/uploads\/2016\/05\/audit_2011_zprava4-217x300.jpg\" alt=\"zde\" width=\"217\" height=\"300\" class=\"alignnone size-medium wp-image-1068\" srcset=\"https:\/\/oudoubice.cz\/wp-content\/uploads\/2016\/05\/audit_2011_zprava4-217x300.jpg 217w, https:\/\/oudoubice.cz\/wp-content\/uploads\/2016\/05\/audit_2011_zprava4-742x1024.jpg 742w\" sizes=\"(max-width: 217px) 100vw, 217px\" \/><\/a><\/p>\n<p><a href=\"http:\/\/oudoubice.cz\/wp-content\/uploads\/2016\/05\/audit_2011_zprava2.jpg\"><img loading=\"lazy\" src=\"http:\/\/oudoubice.cz\/wp-content\/uploads\/2016\/05\/audit_2011_zprava2-205x300.jpg\" alt=\"zde\" width=\"205\" height=\"300\" class=\"alignnone size-medium wp-image-1066\" srcset=\"https:\/\/oudoubice.cz\/wp-content\/uploads\/2016\/05\/audit_2011_zprava2-205x300.jpg 205w, https:\/\/oudoubice.cz\/wp-content\/uploads\/2016\/05\/audit_2011_zprava2-699x1024.jpg 699w\" sizes=\"(max-width: 205px) 100vw, 205px\" \/><\/a><\/p>\n<p><a href=\"http:\/\/oudoubice.cz\/wp-content\/uploads\/2016\/05\/audit_2011_zprava1.jpg\"><img loading=\"lazy\" src=\"http:\/\/oudoubice.cz\/wp-content\/uploads\/2016\/05\/audit_2011_zprava1-234x300.jpg\" alt=\"zde\" width=\"234\" height=\"300\" class=\"alignnone size-medium wp-image-1065\" srcset=\"https:\/\/oudoubice.cz\/wp-content\/uploads\/2016\/05\/audit_2011_zprava1-234x300.jpg 234w, https:\/\/oudoubice.cz\/wp-content\/uploads\/2016\/05\/audit_2011_zprava1-797x1024.jpg 797w\" sizes=\"(max-width: 234px) 100vw, 234px\" \/><\/a><\/p>\n<p> A je\u0161t\u011b v\u00fdkaz pro hodnocen\u00ed pln\u011bn\u00ed rozpo\u010dtu \u00fazemn\u00edch samospr\u00e1vn\u00fdch celk\u016f, dobrovoln\u00fdch svazk\u016f obc\u00ed a region\u00e1ln\u00edch rad &#8211; <a href=\"http:\/\/oudoubice.cz\/wp-content\/uploads\/2012\/04\/Fin2011.pdf\">zde<\/a><\/p>\n","protected":false},"excerpt":{"rendered":"<p>Z\u00e1v\u011bre\u010dn\u00fd \u00fa\u010det obce Doubice za rok 2011 &#8211; zde A je\u0161t\u011b v\u00fdkaz pro hodnocen\u00ed pln\u011bn\u00ed rozpo\u010dtu \u00fazemn\u00edch samospr\u00e1vn\u00fdch celk\u016f, dobrovoln\u00fdch svazk\u016f obc\u00ed a region\u00e1ln\u00edch rad &#8211; zde<\/p>\n","protected":false},"author":1,"featured_media":0,"comment_status":"closed","ping_status":"open","sticky":false,"template":"","format":"standard","meta":{"_mi_skip_tracking":false,"_monsterinsights_sitenote_active":false,"_monsterinsights_sitenote_note":"","_monsterinsights_sitenote_category":0},"categories":[75],"tags":[],"_links":{"self":[{"href":"https:\/\/oudoubice.cz\/index.php\/wp-json\/wp\/v2\/posts\/1061"}],"collection":[{"href":"https:\/\/oudoubice.cz\/index.php\/wp-json\/wp\/v2\/posts"}],"about":[{"href":"https:\/\/oudoubice.cz\/index.php\/wp-json\/wp\/v2\/types\/post"}],"author":[{"embeddable":true,"href":"https:\/\/oudoubice.cz\/index.php\/wp-json\/wp\/v2\/users\/1"}],"replies":[{"embeddable":true,"href":"https:\/\/oudoubice.cz\/index.php\/wp-json\/wp\/v2\/comments?post=1061"}],"version-history":[{"count":5,"href":"https:\/\/oudoubice.cz\/index.php\/wp-json\/wp\/v2\/posts\/1061\/revisions"}],"predecessor-version":[{"id":1079,"href":"https:\/\/oudoubice.cz\/index.php\/wp-json\/wp\/v2\/posts\/1061\/revisions\/1079"}],"wp:attachment":[{"href":"https:\/\/oudoubice.cz\/index.php\/wp-json\/wp\/v2\/media?parent=1061"}],"wp:term":[{"taxonomy":"category","embeddable":true,"href":"https:\/\/oudoubice.cz\/index.php\/wp-json\/wp\/v2\/categories?post=1061"},{"taxonomy":"post_tag","embeddable":true,"href":"https:\/\/oudoubice.cz\/index.php\/wp-json\/wp\/v2\/tags?post=1061"}],"curies":[{"name":"wp","href":"https:\/\/api.w.org\/{rel}","templated":true}]}}