{"id":1166,"date":"2013-11-01T22:57:42","date_gmt":"2013-11-01T20:57:42","guid":{"rendered":"http:\/\/oudoubice.cz\/?p=1166"},"modified":"2016-05-09T22:58:40","modified_gmt":"2016-05-09T20:58:40","slug":"zamer-pronajmu-nebytovych-prostor-obchod-v-budove-obecniho-urad","status":"publish","type":"post","link":"https:\/\/oudoubice.cz\/index.php\/2013\/11\/01\/zamer-pronajmu-nebytovych-prostor-obchod-v-budove-obecniho-urad\/","title":{"rendered":"Z\u00e1m\u011br pron\u00e1jmu nebytov\u00fdch prostor (obchod) v budov\u011b obecn\u00edho \u00fa\u0159ad"},"content":{"rendered":"<p>Z\u00e1m\u011br pron\u00e1jmu nebytov\u00fdch prostor (obchod) v budov\u011b obecn\u00edho \u00fa\u0159ad <a href=\"http:\/\/oudoubice.cz\/wp-content\/uploads\/2016\/05\/zamer_obchod_najem_2013.pdf\">zde<\/a><\/p>\n","protected":false},"excerpt":{"rendered":"<p>Z\u00e1m\u011br pron\u00e1jmu nebytov\u00fdch prostor (obchod) v budov\u011b obecn\u00edho \u00fa\u0159ad zde<\/p>\n","protected":false},"author":1,"featured_media":0,"comment_status":"closed","ping_status":"open","sticky":false,"template":"","format":"standard","meta":{"_mi_skip_tracking":false,"_monsterinsights_sitenote_active":false,"_monsterinsights_sitenote_note":"","_monsterinsights_sitenote_category":0},"categories":[75],"tags":[],"_links":{"self":[{"href":"https:\/\/oudoubice.cz\/index.php\/wp-json\/wp\/v2\/posts\/1166"}],"collection":[{"href":"https:\/\/oudoubice.cz\/index.php\/wp-json\/wp\/v2\/posts"}],"about":[{"href":"https:\/\/oudoubice.cz\/index.php\/wp-json\/wp\/v2\/types\/post"}],"author":[{"embeddable":true,"href":"https:\/\/oudoubice.cz\/index.php\/wp-json\/wp\/v2\/users\/1"}],"replies":[{"embeddable":true,"href":"https:\/\/oudoubice.cz\/index.php\/wp-json\/wp\/v2\/comments?post=1166"}],"version-history":[{"count":1,"href":"https:\/\/oudoubice.cz\/index.php\/wp-json\/wp\/v2\/posts\/1166\/revisions"}],"predecessor-version":[{"id":1171,"href":"https:\/\/oudoubice.cz\/index.php\/wp-json\/wp\/v2\/posts\/1166\/revisions\/1171"}],"wp:attachment":[{"href":"https:\/\/oudoubice.cz\/index.php\/wp-json\/wp\/v2\/media?parent=1166"}],"wp:term":[{"taxonomy":"category","embeddable":true,"href":"https:\/\/oudoubice.cz\/index.php\/wp-json\/wp\/v2\/categories?post=1166"},{"taxonomy":"post_tag","embeddable":true,"href":"https:\/\/oudoubice.cz\/index.php\/wp-json\/wp\/v2\/tags?post=1166"}],"curies":[{"name":"wp","href":"https:\/\/api.w.org\/{rel}","templated":true}]}}