{"id":1705,"date":"2017-03-29T15:07:08","date_gmt":"2017-03-29T14:07:08","guid":{"rendered":"http:\/\/oudoubice.cz\/?p=1705"},"modified":"2017-03-29T15:07:08","modified_gmt":"2017-03-29T14:07:08","slug":"bezplatna-miniknihovnicka-doubice","status":"publish","type":"post","link":"https:\/\/oudoubice.cz\/index.php\/2017\/03\/29\/bezplatna-miniknihovnicka-doubice\/","title":{"rendered":"Bezplatn\u00e1 miniknihovni\u010dka Doubice"},"content":{"rendered":"<p>Dnes 29.03.2017 byla do autobusov\u00e9 zast\u00e1vky p\u0159ed b\u00fdvalou po\u0161tou instalov\u00e1na &#8222;<b>Bezplatn\u00e1 miniknihovni\u010dka &#8211; Doubice<\/b>&#8222;. Knihy budou do knihovny dopln\u011bny z\u00edtra a tedy od 30.03.2017 bude miniknihovni\u010dka v provozu. Nech\u0165 n\u00e1m i n\u00e1v\u0161t\u011bvn\u00edk\u016fm Doubice dob\u0159e slou\u017e\u00ed.<\/p>\n<p><img loading=\"lazy\" class=\"alignnone size-medium wp-image-1706\" src=\"http:\/\/oudoubice.cz\/wp-content\/uploads\/2017\/03\/Zast\u00e1vka-miniknihovni\u010dka-2-300x169.jpg\" alt=\"\" width=\"300\" height=\"169\" srcset=\"https:\/\/oudoubice.cz\/wp-content\/uploads\/2017\/03\/Zast\u00e1vka-miniknihovni\u010dka-2-300x169.jpg 300w, https:\/\/oudoubice.cz\/wp-content\/uploads\/2017\/03\/Zast\u00e1vka-miniknihovni\u010dka-2-768x432.jpg 768w, https:\/\/oudoubice.cz\/wp-content\/uploads\/2017\/03\/Zast\u00e1vka-miniknihovni\u010dka-2-1024x576.jpg 1024w\" sizes=\"(max-width: 300px) 100vw, 300px\" \/><img loading=\"lazy\" class=\"alignnone size-medium wp-image-1708\" src=\"http:\/\/oudoubice.cz\/wp-content\/uploads\/2017\/03\/Zast\u00e1vka-miniknihovni\u010dka-300x169.jpg\" alt=\"\" width=\"300\" height=\"169\" srcset=\"https:\/\/oudoubice.cz\/wp-content\/uploads\/2017\/03\/Zast\u00e1vka-miniknihovni\u010dka-300x169.jpg 300w, https:\/\/oudoubice.cz\/wp-content\/uploads\/2017\/03\/Zast\u00e1vka-miniknihovni\u010dka-768x432.jpg 768w, https:\/\/oudoubice.cz\/wp-content\/uploads\/2017\/03\/Zast\u00e1vka-miniknihovni\u010dka-1024x576.jpg 1024w\" sizes=\"(max-width: 300px) 100vw, 300px\" \/><\/p>\n","protected":false},"excerpt":{"rendered":"<p>Dnes 29.03.2017 byla do autobusov\u00e9 zast\u00e1vky p\u0159ed b\u00fdvalou po\u0161tou instalov\u00e1na &#8222;Bezplatn\u00e1 miniknihovni\u010dka &#8211; Doubice&#8222;. Knihy budou do knihovny dopln\u011bny z\u00edtra a tedy od 30.03.2017 bude miniknihovni\u010dka v provozu. Nech\u0165 n\u00e1m i n\u00e1v\u0161t\u011bvn\u00edk\u016fm Doubice dob\u0159e slou\u017e\u00ed.<\/p>\n","protected":false},"author":1,"featured_media":0,"comment_status":"closed","ping_status":"open","sticky":false,"template":"","format":"standard","meta":{"_mi_skip_tracking":false,"_monsterinsights_sitenote_active":false,"_monsterinsights_sitenote_note":"","_monsterinsights_sitenote_category":0},"categories":[25,20,1,29],"tags":[],"_links":{"self":[{"href":"https:\/\/oudoubice.cz\/index.php\/wp-json\/wp\/v2\/posts\/1705"}],"collection":[{"href":"https:\/\/oudoubice.cz\/index.php\/wp-json\/wp\/v2\/posts"}],"about":[{"href":"https:\/\/oudoubice.cz\/index.php\/wp-json\/wp\/v2\/types\/post"}],"author":[{"embeddable":true,"href":"https:\/\/oudoubice.cz\/index.php\/wp-json\/wp\/v2\/users\/1"}],"replies":[{"embeddable":true,"href":"https:\/\/oudoubice.cz\/index.php\/wp-json\/wp\/v2\/comments?post=1705"}],"version-history":[{"count":1,"href":"https:\/\/oudoubice.cz\/index.php\/wp-json\/wp\/v2\/posts\/1705\/revisions"}],"predecessor-version":[{"id":1709,"href":"https:\/\/oudoubice.cz\/index.php\/wp-json\/wp\/v2\/posts\/1705\/revisions\/1709"}],"wp:attachment":[{"href":"https:\/\/oudoubice.cz\/index.php\/wp-json\/wp\/v2\/media?parent=1705"}],"wp:term":[{"taxonomy":"category","embeddable":true,"href":"https:\/\/oudoubice.cz\/index.php\/wp-json\/wp\/v2\/categories?post=1705"},{"taxonomy":"post_tag","embeddable":true,"href":"https:\/\/oudoubice.cz\/index.php\/wp-json\/wp\/v2\/tags?post=1705"}],"curies":[{"name":"wp","href":"https:\/\/api.w.org\/{rel}","templated":true}]}}