{"id":2376,"date":"2017-10-25T15:20:48","date_gmt":"2017-10-25T14:20:48","guid":{"rendered":"http:\/\/oudoubice.cz\/?p=2376"},"modified":"2017-11-01T14:19:07","modified_gmt":"2017-11-01T13:19:07","slug":"navrh-rozpoctu-obce-doubice-na-rok-2018","status":"publish","type":"post","link":"https:\/\/oudoubice.cz\/index.php\/2017\/10\/25\/navrh-rozpoctu-obce-doubice-na-rok-2018\/","title":{"rendered":"N\u00e1vrh rozpo\u010dtu obce Doubice na rok 2018"},"content":{"rendered":"<p>25.10.2017 &#8211; <a href=\"http:\/\/oudoubice.cz\/wp-content\/uploads\/2017\/10\/zverejneni-navrhu-rozpoctu-obce-Doubice-2018.pdf\">N\u00e1vrh rozpo\u010dtu obce Doubice na rok 2018<\/a>.<\/p>\n<p align=\"JUSTIFY\"><span style=\"font-family: Arial,sans-serif;\">V\u00e1\u017een\u00ed ob\u010dan\u00e9 obce Doubice,<\/span><\/p>\n<p align=\"JUSTIFY\"><span style=\"font-family: Arial,sans-serif;\">na z\u00e1klad\u011b platn\u00fdch pr\u00e1vn\u00edch p\u0159edpis\u016f a z pov\u011b\u0159en\u00ed zastupitelstva obce zve\u0159ej\u0148uji n\u00e1vrh rozpo\u010dtu obce Doubice na rok 2018, kter\u00fd byl sestaven zastupitelstvem obce. K\u00a0tomuto n\u00e1vrhu rozpo\u010dtu obce Doubice m\u00e1te mo\u017enost uplatnit sv\u00e9 p\u0159ipom\u00ednky, <\/span><span style=\"font-family: Arial,sans-serif;\"><b>a to v\u00a0term\u00ednu do 20.11.2017 (do 16:00 hodin)<\/b><\/span><span style=\"font-family: Arial,sans-serif;\">, kdy prob\u011bhne 28. zased\u00e1n\u00ed zastupitelstva obce Doubice, na kter\u00e9m bude tento n\u00e1vrh projedn\u00e1n a po zapracov\u00e1n\u00ed p\u0159\u00edpadn\u00fdch p\u0159ipom\u00ednek schv\u00e1len. D\u011bkuji V\u00e1m za spolupr\u00e1ci JD<\/span><\/p>\n<p align=\"JUSTIFY\">Rozpo\u010det obce Doubice na rok 2017 v\u010detn\u011b v\u0161ech rozpo\u010dtov\u00fdch zm\u011bn je um\u00edst\u011bn v sekci ekonomika t\u011bchto webov\u00fdch str\u00e1nek &#8211; <a href=\"http:\/\/oudoubice.cz\/index.php\/ekonomika\/\">zde odkaz<\/a><\/p>\n<p align=\"JUSTIFY\">\n","protected":false},"excerpt":{"rendered":"<p>25.10.2017 &#8211; N\u00e1vrh rozpo\u010dtu obce Doubice na rok 2018. V\u00e1\u017een\u00ed ob\u010dan\u00e9 obce Doubice, na z\u00e1klad\u011b platn\u00fdch pr\u00e1vn\u00edch p\u0159edpis\u016f a z pov\u011b\u0159en\u00ed zastupitelstva obce zve\u0159ej\u0148uji n\u00e1vrh rozpo\u010dtu obce Doubice na rok 2018, kter\u00fd byl sestaven zastupitelstvem obce. K\u00a0tomuto n\u00e1vrhu rozpo\u010dtu obce Doubice m\u00e1te mo\u017enost uplatnit sv\u00e9 p\u0159ipom\u00ednky, a to v\u00a0term\u00ednu do 20.11.2017 (do 16:00 hodin), kdy [&hellip;]<\/p>\n","protected":false},"author":1,"featured_media":0,"comment_status":"closed","ping_status":"closed","sticky":false,"template":"","format":"standard","meta":{"_mi_skip_tracking":false,"_monsterinsights_sitenote_active":false,"_monsterinsights_sitenote_note":"","_monsterinsights_sitenote_category":0},"categories":[25,75],"tags":[],"_links":{"self":[{"href":"https:\/\/oudoubice.cz\/index.php\/wp-json\/wp\/v2\/posts\/2376"}],"collection":[{"href":"https:\/\/oudoubice.cz\/index.php\/wp-json\/wp\/v2\/posts"}],"about":[{"href":"https:\/\/oudoubice.cz\/index.php\/wp-json\/wp\/v2\/types\/post"}],"author":[{"embeddable":true,"href":"https:\/\/oudoubice.cz\/index.php\/wp-json\/wp\/v2\/users\/1"}],"replies":[{"embeddable":true,"href":"https:\/\/oudoubice.cz\/index.php\/wp-json\/wp\/v2\/comments?post=2376"}],"version-history":[{"count":5,"href":"https:\/\/oudoubice.cz\/index.php\/wp-json\/wp\/v2\/posts\/2376\/revisions"}],"predecessor-version":[{"id":2407,"href":"https:\/\/oudoubice.cz\/index.php\/wp-json\/wp\/v2\/posts\/2376\/revisions\/2407"}],"wp:attachment":[{"href":"https:\/\/oudoubice.cz\/index.php\/wp-json\/wp\/v2\/media?parent=2376"}],"wp:term":[{"taxonomy":"category","embeddable":true,"href":"https:\/\/oudoubice.cz\/index.php\/wp-json\/wp\/v2\/categories?post=2376"},{"taxonomy":"post_tag","embeddable":true,"href":"https:\/\/oudoubice.cz\/index.php\/wp-json\/wp\/v2\/tags?post=2376"}],"curies":[{"name":"wp","href":"https:\/\/api.w.org\/{rel}","templated":true}]}}