{"id":3530,"date":"2019-03-27T16:58:46","date_gmt":"2019-03-27T15:58:46","guid":{"rendered":"http:\/\/oudoubice.cz\/?p=3530"},"modified":"2019-03-27T16:58:47","modified_gmt":"2019-03-27T15:58:47","slug":"informace-o-poctu-volebnich-okrsku-a-jeho-sidle-v-obci-doubice","status":"publish","type":"post","link":"https:\/\/oudoubice.cz\/index.php\/2019\/03\/27\/informace-o-poctu-volebnich-okrsku-a-jeho-sidle-v-obci-doubice\/","title":{"rendered":"Informace o po\u010dtu volebn\u00edch okrsk\u016f a jeho s\u00eddle v obci Doubice"},"content":{"rendered":"\n<p>27.03.2019 &#8211;<strong> <a href=\"http:\/\/oudoubice.cz\/wp-content\/uploads\/2019\/03\/informace-o-po\u010dtu-volebnich-okrsk\u016f-a-jeho-s\u00eddle-Doubice-03-2019.pdf\">Informace o po\u010dtu volebn\u00edch okrsk\u016f a jejich s\u00eddlech v obci Doubice p\u0159i volb\u00e1ch do Evropsk\u00e9ho parlamentu, kter\u00e9 se konaj\u00ed ve dnech 24. a 25. kv\u011btna 2019<\/a><\/strong><\/p>\n","protected":false},"excerpt":{"rendered":"<p>27.03.2019 &#8211; Informace o po\u010dtu volebn\u00edch okrsk\u016f a jejich s\u00eddlech v obci Doubice p\u0159i volb\u00e1ch do Evropsk\u00e9ho parlamentu, kter\u00e9 se konaj\u00ed ve dnech 24. a 25. kv\u011btna 2019<\/p>\n","protected":false},"author":1,"featured_media":0,"comment_status":"closed","ping_status":"closed","sticky":false,"template":"","format":"standard","meta":{"_mi_skip_tracking":false,"_monsterinsights_sitenote_active":false,"_monsterinsights_sitenote_note":"","_monsterinsights_sitenote_category":0},"categories":[75],"tags":[],"_links":{"self":[{"href":"https:\/\/oudoubice.cz\/index.php\/wp-json\/wp\/v2\/posts\/3530"}],"collection":[{"href":"https:\/\/oudoubice.cz\/index.php\/wp-json\/wp\/v2\/posts"}],"about":[{"href":"https:\/\/oudoubice.cz\/index.php\/wp-json\/wp\/v2\/types\/post"}],"author":[{"embeddable":true,"href":"https:\/\/oudoubice.cz\/index.php\/wp-json\/wp\/v2\/users\/1"}],"replies":[{"embeddable":true,"href":"https:\/\/oudoubice.cz\/index.php\/wp-json\/wp\/v2\/comments?post=3530"}],"version-history":[{"count":2,"href":"https:\/\/oudoubice.cz\/index.php\/wp-json\/wp\/v2\/posts\/3530\/revisions"}],"predecessor-version":[{"id":3532,"href":"https:\/\/oudoubice.cz\/index.php\/wp-json\/wp\/v2\/posts\/3530\/revisions\/3532"}],"wp:attachment":[{"href":"https:\/\/oudoubice.cz\/index.php\/wp-json\/wp\/v2\/media?parent=3530"}],"wp:term":[{"taxonomy":"category","embeddable":true,"href":"https:\/\/oudoubice.cz\/index.php\/wp-json\/wp\/v2\/categories?post=3530"},{"taxonomy":"post_tag","embeddable":true,"href":"https:\/\/oudoubice.cz\/index.php\/wp-json\/wp\/v2\/tags?post=3530"}],"curies":[{"name":"wp","href":"https:\/\/api.w.org\/{rel}","templated":true}]}}