{"id":3533,"date":"2019-03-27T17:00:36","date_gmt":"2019-03-27T16:00:36","guid":{"rendered":"http:\/\/oudoubice.cz\/?p=3533"},"modified":"2019-03-27T17:00:38","modified_gmt":"2019-03-27T16:00:38","slug":"jmenovani-zapisovatelky-okrskove-volebni-komise-obce-doubice-pro-volby-do-evropskeho-parlamentu","status":"publish","type":"post","link":"https:\/\/oudoubice.cz\/index.php\/2019\/03\/27\/jmenovani-zapisovatelky-okrskove-volebni-komise-obce-doubice-pro-volby-do-evropskeho-parlamentu\/","title":{"rendered":"Jmenov\u00e1n\u00ed zapisovatelky okrskov\u00e9 volebn\u00ed komise obce Doubice pro volby do Evropsk\u00e9ho parlamentu"},"content":{"rendered":"\n<p>27.03.2019 &#8211; <a href=\"http:\/\/oudoubice.cz\/wp-content\/uploads\/2019\/03\/jmenov\u00e1n\u00ed-zapisovatelky-okrskove-volebni-komise-03-2019.pdf\">Jmenov\u00e1n\u00ed zapisovatelky okrskov\u00e9 volebn\u00ed komise obce Doubice pro volby do Evropsk\u00e9ho parlamentu, kter\u00e9 se konaj\u00ed ve dnech 24. a 25. kv\u011btna 2019<\/a><\/p>\n","protected":false},"excerpt":{"rendered":"<p>27.03.2019 &#8211; Jmenov\u00e1n\u00ed zapisovatelky okrskov\u00e9 volebn\u00ed komise obce Doubice pro volby do Evropsk\u00e9ho parlamentu, kter\u00e9 se konaj\u00ed ve dnech 24. a 25. kv\u011btna 2019<\/p>\n","protected":false},"author":1,"featured_media":0,"comment_status":"closed","ping_status":"closed","sticky":false,"template":"","format":"standard","meta":{"_mi_skip_tracking":false,"_monsterinsights_sitenote_active":false,"_monsterinsights_sitenote_note":"","_monsterinsights_sitenote_category":0},"categories":[75],"tags":[],"_links":{"self":[{"href":"https:\/\/oudoubice.cz\/index.php\/wp-json\/wp\/v2\/posts\/3533"}],"collection":[{"href":"https:\/\/oudoubice.cz\/index.php\/wp-json\/wp\/v2\/posts"}],"about":[{"href":"https:\/\/oudoubice.cz\/index.php\/wp-json\/wp\/v2\/types\/post"}],"author":[{"embeddable":true,"href":"https:\/\/oudoubice.cz\/index.php\/wp-json\/wp\/v2\/users\/1"}],"replies":[{"embeddable":true,"href":"https:\/\/oudoubice.cz\/index.php\/wp-json\/wp\/v2\/comments?post=3533"}],"version-history":[{"count":2,"href":"https:\/\/oudoubice.cz\/index.php\/wp-json\/wp\/v2\/posts\/3533\/revisions"}],"predecessor-version":[{"id":3535,"href":"https:\/\/oudoubice.cz\/index.php\/wp-json\/wp\/v2\/posts\/3533\/revisions\/3535"}],"wp:attachment":[{"href":"https:\/\/oudoubice.cz\/index.php\/wp-json\/wp\/v2\/media?parent=3533"}],"wp:term":[{"taxonomy":"category","embeddable":true,"href":"https:\/\/oudoubice.cz\/index.php\/wp-json\/wp\/v2\/categories?post=3533"},{"taxonomy":"post_tag","embeddable":true,"href":"https:\/\/oudoubice.cz\/index.php\/wp-json\/wp\/v2\/tags?post=3533"}],"curies":[{"name":"wp","href":"https:\/\/api.w.org\/{rel}","templated":true}]}}