{"id":4698,"date":"2020-06-24T15:48:57","date_gmt":"2020-06-24T14:48:57","guid":{"rendered":"http:\/\/oudoubice.cz\/?p=4698"},"modified":"2020-06-24T15:48:59","modified_gmt":"2020-06-24T14:48:59","slug":"zemrel-martin-schulz","status":"publish","type":"post","link":"https:\/\/oudoubice.cz\/index.php\/2020\/06\/24\/zemrel-martin-schulz\/","title":{"rendered":"Zem\u0159el Martin Schulz"},"content":{"rendered":"\n<p>Dne 24.06.2020 zem\u0159el ve v\u011bku 66 let doubick\u00fd ob\u010dan a b\u00fdval\u00fd starosta obce Doubice pan Martin Schulz. <strong>\u010cEST JEHO PAM\u00c1TCE!<\/strong><\/p>\n\n\n\n<div class=\"wp-block-image\"><figure class=\"aligncenter size-large\"><img loading=\"lazy\" width=\"473\" height=\"540\" src=\"http:\/\/oudoubice.cz\/wp-content\/uploads\/2020\/06\/martin-schulz-rip.jpg\" alt=\"\" class=\"wp-image-4697\" srcset=\"https:\/\/oudoubice.cz\/wp-content\/uploads\/2020\/06\/martin-schulz-rip.jpg 473w, https:\/\/oudoubice.cz\/wp-content\/uploads\/2020\/06\/martin-schulz-rip-263x300.jpg 263w\" sizes=\"(max-width: 473px) 100vw, 473px\" \/><figcaption>Martin Schulz<\/figcaption><\/figure><\/div>\n\n\n\n<p><\/p>\n","protected":false},"excerpt":{"rendered":"<p>Dne 24.06.2020 zem\u0159el ve v\u011bku 66 let doubick\u00fd ob\u010dan a b\u00fdval\u00fd starosta obce Doubice pan Martin Schulz. \u010cEST JEHO PAM\u00c1TCE!<\/p>\n","protected":false},"author":1,"featured_media":0,"comment_status":"closed","ping_status":"closed","sticky":false,"template":"","format":"standard","meta":{"_mi_skip_tracking":false,"_monsterinsights_sitenote_active":false,"_monsterinsights_sitenote_note":"","_monsterinsights_sitenote_category":0},"categories":[25,1],"tags":[],"_links":{"self":[{"href":"https:\/\/oudoubice.cz\/index.php\/wp-json\/wp\/v2\/posts\/4698"}],"collection":[{"href":"https:\/\/oudoubice.cz\/index.php\/wp-json\/wp\/v2\/posts"}],"about":[{"href":"https:\/\/oudoubice.cz\/index.php\/wp-json\/wp\/v2\/types\/post"}],"author":[{"embeddable":true,"href":"https:\/\/oudoubice.cz\/index.php\/wp-json\/wp\/v2\/users\/1"}],"replies":[{"embeddable":true,"href":"https:\/\/oudoubice.cz\/index.php\/wp-json\/wp\/v2\/comments?post=4698"}],"version-history":[{"count":1,"href":"https:\/\/oudoubice.cz\/index.php\/wp-json\/wp\/v2\/posts\/4698\/revisions"}],"predecessor-version":[{"id":4699,"href":"https:\/\/oudoubice.cz\/index.php\/wp-json\/wp\/v2\/posts\/4698\/revisions\/4699"}],"wp:attachment":[{"href":"https:\/\/oudoubice.cz\/index.php\/wp-json\/wp\/v2\/media?parent=4698"}],"wp:term":[{"taxonomy":"category","embeddable":true,"href":"https:\/\/oudoubice.cz\/index.php\/wp-json\/wp\/v2\/categories?post=4698"},{"taxonomy":"post_tag","embeddable":true,"href":"https:\/\/oudoubice.cz\/index.php\/wp-json\/wp\/v2\/tags?post=4698"}],"curies":[{"name":"wp","href":"https:\/\/api.w.org\/{rel}","templated":true}]}}