{"id":5405,"date":"2021-09-23T01:10:00","date_gmt":"2021-09-23T00:10:00","guid":{"rendered":"http:\/\/oudoubice.cz\/?p=5405"},"modified":"2021-09-24T07:05:08","modified_gmt":"2021-09-24T06:05:08","slug":"oznameni-o-dobe-a-mistu-konani-vcoleb-do-parlamentu-ceske-republiky","status":"publish","type":"post","link":"https:\/\/oudoubice.cz\/index.php\/2021\/09\/23\/oznameni-o-dobe-a-mistu-konani-vcoleb-do-parlamentu-ceske-republiky\/","title":{"rendered":"Ozn\u00e1men\u00ed o dob\u011b a m\u00edstu kon\u00e1n\u00ed voleb do Parlamentu \u010cesk\u00e9 republiky"},"content":{"rendered":"\n<p>23.09.2021 &#8211;<a href=\"http:\/\/oudoubice.cz\/wp-content\/uploads\/2021\/08\/04-oznameni-o-dobe-a-mistu-konani-voleb-09-2021.pdf\"> ozn\u00e1men\u00ed o dob\u011b a m\u00edstu kon\u00e1n\u00ed voleb do Parlamentu \u010cesk\u00e9 republiky, kter\u00e9 se konaj\u00ed ve dnech 8. a 9.2021<\/a><\/p>\n","protected":false},"excerpt":{"rendered":"<p>23.09.2021 &#8211; ozn\u00e1men\u00ed o dob\u011b a m\u00edstu kon\u00e1n\u00ed voleb do Parlamentu \u010cesk\u00e9 republiky, kter\u00e9 se konaj\u00ed ve dnech 8. a 9.2021<\/p>\n","protected":false},"author":1,"featured_media":0,"comment_status":"closed","ping_status":"closed","sticky":false,"template":"","format":"standard","meta":{"_mi_skip_tracking":false,"_monsterinsights_sitenote_active":false,"_monsterinsights_sitenote_note":"","_monsterinsights_sitenote_category":0},"categories":[75],"tags":[],"_links":{"self":[{"href":"https:\/\/oudoubice.cz\/index.php\/wp-json\/wp\/v2\/posts\/5405"}],"collection":[{"href":"https:\/\/oudoubice.cz\/index.php\/wp-json\/wp\/v2\/posts"}],"about":[{"href":"https:\/\/oudoubice.cz\/index.php\/wp-json\/wp\/v2\/types\/post"}],"author":[{"embeddable":true,"href":"https:\/\/oudoubice.cz\/index.php\/wp-json\/wp\/v2\/users\/1"}],"replies":[{"embeddable":true,"href":"https:\/\/oudoubice.cz\/index.php\/wp-json\/wp\/v2\/comments?post=5405"}],"version-history":[{"count":3,"href":"https:\/\/oudoubice.cz\/index.php\/wp-json\/wp\/v2\/posts\/5405\/revisions"}],"predecessor-version":[{"id":5472,"href":"https:\/\/oudoubice.cz\/index.php\/wp-json\/wp\/v2\/posts\/5405\/revisions\/5472"}],"wp:attachment":[{"href":"https:\/\/oudoubice.cz\/index.php\/wp-json\/wp\/v2\/media?parent=5405"}],"wp:term":[{"taxonomy":"category","embeddable":true,"href":"https:\/\/oudoubice.cz\/index.php\/wp-json\/wp\/v2\/categories?post=5405"},{"taxonomy":"post_tag","embeddable":true,"href":"https:\/\/oudoubice.cz\/index.php\/wp-json\/wp\/v2\/tags?post=5405"}],"curies":[{"name":"wp","href":"https:\/\/api.w.org\/{rel}","templated":true}]}}