{"id":5544,"date":"2021-11-04T10:45:30","date_gmt":"2021-11-04T09:45:30","guid":{"rendered":"https:\/\/oudoubice.cz\/?p=5544"},"modified":"2021-11-04T10:45:30","modified_gmt":"2021-11-04T09:45:30","slug":"zamer-pronajmu-obecniho-bytu-do-30-04-2021","status":"publish","type":"post","link":"https:\/\/oudoubice.cz\/index.php\/2021\/11\/04\/zamer-pronajmu-obecniho-bytu-do-30-04-2021\/","title":{"rendered":"Z\u00e1m\u011br pron\u00e1jmu obecn\u00edho bytu do 30.04.2021"},"content":{"rendered":"\n<p>04.11.2021 &#8211; <a href=\"https:\/\/oudoubice.cz\/wp-content\/uploads\/2021\/11\/zamer-pronajmu-bytu-11-2021.pdf\">z\u00e1m\u011br pron\u00e1jmu obecn\u00edho bytu do 30.04.2021<\/a><\/p>\n","protected":false},"excerpt":{"rendered":"<p>04.11.2021 &#8211; z\u00e1m\u011br pron\u00e1jmu obecn\u00edho bytu do 30.04.2021<\/p>\n","protected":false},"author":1,"featured_media":0,"comment_status":"closed","ping_status":"closed","sticky":false,"template":"","format":"standard","meta":{"_mi_skip_tracking":false,"_monsterinsights_sitenote_active":false,"_monsterinsights_sitenote_note":"","_monsterinsights_sitenote_category":0},"categories":[75],"tags":[],"_links":{"self":[{"href":"https:\/\/oudoubice.cz\/index.php\/wp-json\/wp\/v2\/posts\/5544"}],"collection":[{"href":"https:\/\/oudoubice.cz\/index.php\/wp-json\/wp\/v2\/posts"}],"about":[{"href":"https:\/\/oudoubice.cz\/index.php\/wp-json\/wp\/v2\/types\/post"}],"author":[{"embeddable":true,"href":"https:\/\/oudoubice.cz\/index.php\/wp-json\/wp\/v2\/users\/1"}],"replies":[{"embeddable":true,"href":"https:\/\/oudoubice.cz\/index.php\/wp-json\/wp\/v2\/comments?post=5544"}],"version-history":[{"count":1,"href":"https:\/\/oudoubice.cz\/index.php\/wp-json\/wp\/v2\/posts\/5544\/revisions"}],"predecessor-version":[{"id":5545,"href":"https:\/\/oudoubice.cz\/index.php\/wp-json\/wp\/v2\/posts\/5544\/revisions\/5545"}],"wp:attachment":[{"href":"https:\/\/oudoubice.cz\/index.php\/wp-json\/wp\/v2\/media?parent=5544"}],"wp:term":[{"taxonomy":"category","embeddable":true,"href":"https:\/\/oudoubice.cz\/index.php\/wp-json\/wp\/v2\/categories?post=5544"},{"taxonomy":"post_tag","embeddable":true,"href":"https:\/\/oudoubice.cz\/index.php\/wp-json\/wp\/v2\/tags?post=5544"}],"curies":[{"name":"wp","href":"https:\/\/api.w.org\/{rel}","templated":true}]}}