{"id":5789,"date":"2022-03-30T15:22:13","date_gmt":"2022-03-30T14:22:13","guid":{"rendered":"https:\/\/oudoubice.cz\/?p=5789"},"modified":"2022-03-30T15:22:14","modified_gmt":"2022-03-30T14:22:14","slug":"konecne-vyuctovani-verejne-sbirky","status":"publish","type":"post","link":"https:\/\/oudoubice.cz\/index.php\/2022\/03\/30\/konecne-vyuctovani-verejne-sbirky\/","title":{"rendered":"Kone\u010dn\u00e9 vy\u00fa\u010dtov\u00e1n\u00ed ve\u0159ejn\u00e9 sb\u00edrky"},"content":{"rendered":"\n<p>30.03.2022 &#8211; Vy\u00fa\u010dtov\u00e1n\u00ed ve\u0159ejn\u00e9 sb\u00edrky &#8211; Mikul\u010dice<\/p>\n\n\n\n<p>Obec Doubice dne 29.06.2021 zah\u00e1jila ve\u0159ejnou sb\u00edrku na odstran\u011bn\u00ed \u0161kod a n\u00e1sledk\u016f \u017eiveln\u00e9 pohromy v obci Mikul\u010dice. Dne 28.03.2022 byla ukon\u010dena kontrola proveden\u00e1 \u00dasteck\u00fdm krajem, kdy v p\u0159edlo\u017een\u00e9m vy\u00fa\u010dtov\u00e1n\u00ed nebyly shled\u00e1ny vady a nedostatky. Cel\u00fd v\u00fdte\u017eek sb\u00edrky byl p\u0159ed\u00e1m obci Mikul\u010dice na z\u00e1klad\u011b darovac\u00ed smlouvy.<\/p>\n\n\n\n<figure class=\"wp-block-image size-large\"><a href=\"https:\/\/oudoubice.cz\/wp-content\/uploads\/2022\/03\/vyuctovan-verejne-sbirky-Miluklcice.png\"><img loading=\"lazy\" width=\"731\" height=\"1024\" src=\"https:\/\/oudoubice.cz\/wp-content\/uploads\/2022\/03\/vyuctovan-verejne-sbirky-Miluklcice-731x1024.png\" alt=\"\" class=\"wp-image-5788\" srcset=\"https:\/\/oudoubice.cz\/wp-content\/uploads\/2022\/03\/vyuctovan-verejne-sbirky-Miluklcice-731x1024.png 731w, https:\/\/oudoubice.cz\/wp-content\/uploads\/2022\/03\/vyuctovan-verejne-sbirky-Miluklcice-214x300.png 214w, https:\/\/oudoubice.cz\/wp-content\/uploads\/2022\/03\/vyuctovan-verejne-sbirky-Miluklcice-768x1076.png 768w, https:\/\/oudoubice.cz\/wp-content\/uploads\/2022\/03\/vyuctovan-verejne-sbirky-Miluklcice-1097x1536.png 1097w, https:\/\/oudoubice.cz\/wp-content\/uploads\/2022\/03\/vyuctovan-verejne-sbirky-Miluklcice.png 1298w\" sizes=\"(max-width: 731px) 100vw, 731px\" \/><\/a><\/figure>\n\n\n\n<p>  <\/p>\n","protected":false},"excerpt":{"rendered":"<p>30.03.2022 &#8211; Vy\u00fa\u010dtov\u00e1n\u00ed ve\u0159ejn\u00e9 sb\u00edrky &#8211; Mikul\u010dice Obec Doubice dne 29.06.2021 zah\u00e1jila ve\u0159ejnou sb\u00edrku na odstran\u011bn\u00ed \u0161kod a n\u00e1sledk\u016f \u017eiveln\u00e9 pohromy v obci Mikul\u010dice. Dne 28.03.2022 byla ukon\u010dena kontrola proveden\u00e1 \u00dasteck\u00fdm krajem, kdy v p\u0159edlo\u017een\u00e9m vy\u00fa\u010dtov\u00e1n\u00ed nebyly shled\u00e1ny vady a nedostatky. Cel\u00fd v\u00fdte\u017eek sb\u00edrky byl p\u0159ed\u00e1m obci Mikul\u010dice na z\u00e1klad\u011b darovac\u00ed smlouvy.<\/p>\n","protected":false},"author":1,"featured_media":0,"comment_status":"closed","ping_status":"closed","sticky":false,"template":"","format":"standard","meta":{"_mi_skip_tracking":false,"_monsterinsights_sitenote_active":false,"_monsterinsights_sitenote_note":"","_monsterinsights_sitenote_category":0},"categories":[1],"tags":[],"_links":{"self":[{"href":"https:\/\/oudoubice.cz\/index.php\/wp-json\/wp\/v2\/posts\/5789"}],"collection":[{"href":"https:\/\/oudoubice.cz\/index.php\/wp-json\/wp\/v2\/posts"}],"about":[{"href":"https:\/\/oudoubice.cz\/index.php\/wp-json\/wp\/v2\/types\/post"}],"author":[{"embeddable":true,"href":"https:\/\/oudoubice.cz\/index.php\/wp-json\/wp\/v2\/users\/1"}],"replies":[{"embeddable":true,"href":"https:\/\/oudoubice.cz\/index.php\/wp-json\/wp\/v2\/comments?post=5789"}],"version-history":[{"count":1,"href":"https:\/\/oudoubice.cz\/index.php\/wp-json\/wp\/v2\/posts\/5789\/revisions"}],"predecessor-version":[{"id":5790,"href":"https:\/\/oudoubice.cz\/index.php\/wp-json\/wp\/v2\/posts\/5789\/revisions\/5790"}],"wp:attachment":[{"href":"https:\/\/oudoubice.cz\/index.php\/wp-json\/wp\/v2\/media?parent=5789"}],"wp:term":[{"taxonomy":"category","embeddable":true,"href":"https:\/\/oudoubice.cz\/index.php\/wp-json\/wp\/v2\/categories?post=5789"},{"taxonomy":"post_tag","embeddable":true,"href":"https:\/\/oudoubice.cz\/index.php\/wp-json\/wp\/v2\/tags?post=5789"}],"curies":[{"name":"wp","href":"https:\/\/api.w.org\/{rel}","templated":true}]}}