{"id":5998,"date":"2022-08-09T01:36:00","date_gmt":"2022-08-09T00:36:00","guid":{"rendered":"https:\/\/oudoubice.cz\/?p=5998"},"modified":"2022-07-04T14:37:32","modified_gmt":"2022-07-04T13:37:32","slug":"informace-o-poctu-volebnich-okrsku-a-jejich-sidlech-v-obci-doubice-pri-volbach-do-zastupitelstev-obci-ktere-se-konaji-ve-dnech-23-a-24-zari-2022","status":"publish","type":"post","link":"https:\/\/oudoubice.cz\/index.php\/2022\/08\/09\/informace-o-poctu-volebnich-okrsku-a-jejich-sidlech-v-obci-doubice-pri-volbach-do-zastupitelstev-obci-ktere-se-konaji-ve-dnech-23-a-24-zari-2022\/","title":{"rendered":"Informace o po\u010dtu volebn\u00edch okrsk\u016f a jejich s\u00eddlech v obci Doubice p\u0159i volb\u00e1ch do zastupitelstev obc\u00ed, kter\u00e9 se konaj\u00ed ve dnech 23. a 24. z\u00e1\u0159\u00ed 2022"},"content":{"rendered":"\n<p>09.08.2022 &#8211; <a href=\"https:\/\/oudoubice.cz\/wp-content\/uploads\/2022\/07\/03-informace-o-poctu-volebnich-okrsku-a-jeho-sidle-Doubice-08-2022.pdf\">Informace o po\u010dtu volebn\u00edch okrsk\u016f a jejich s\u00eddlech v obci Doubice p\u0159i volb\u00e1ch do zastupitelstev obc\u00ed, kter\u00e9 se konaj\u00ed ve dnech 23. a 24. z\u00e1\u0159\u00ed 2022<\/a><\/p>\n","protected":false},"excerpt":{"rendered":"<p>09.08.2022 &#8211; Informace o po\u010dtu volebn\u00edch okrsk\u016f a jejich s\u00eddlech v obci Doubice p\u0159i volb\u00e1ch do zastupitelstev obc\u00ed, kter\u00e9 se konaj\u00ed ve dnech 23. a 24. z\u00e1\u0159\u00ed 2022<\/p>\n","protected":false},"author":1,"featured_media":0,"comment_status":"closed","ping_status":"closed","sticky":false,"template":"","format":"standard","meta":{"_mi_skip_tracking":false,"_monsterinsights_sitenote_active":false,"_monsterinsights_sitenote_note":"","_monsterinsights_sitenote_category":0},"categories":[75],"tags":[],"_links":{"self":[{"href":"https:\/\/oudoubice.cz\/index.php\/wp-json\/wp\/v2\/posts\/5998"}],"collection":[{"href":"https:\/\/oudoubice.cz\/index.php\/wp-json\/wp\/v2\/posts"}],"about":[{"href":"https:\/\/oudoubice.cz\/index.php\/wp-json\/wp\/v2\/types\/post"}],"author":[{"embeddable":true,"href":"https:\/\/oudoubice.cz\/index.php\/wp-json\/wp\/v2\/users\/1"}],"replies":[{"embeddable":true,"href":"https:\/\/oudoubice.cz\/index.php\/wp-json\/wp\/v2\/comments?post=5998"}],"version-history":[{"count":2,"href":"https:\/\/oudoubice.cz\/index.php\/wp-json\/wp\/v2\/posts\/5998\/revisions"}],"predecessor-version":[{"id":6000,"href":"https:\/\/oudoubice.cz\/index.php\/wp-json\/wp\/v2\/posts\/5998\/revisions\/6000"}],"wp:attachment":[{"href":"https:\/\/oudoubice.cz\/index.php\/wp-json\/wp\/v2\/media?parent=5998"}],"wp:term":[{"taxonomy":"category","embeddable":true,"href":"https:\/\/oudoubice.cz\/index.php\/wp-json\/wp\/v2\/categories?post=5998"},{"taxonomy":"post_tag","embeddable":true,"href":"https:\/\/oudoubice.cz\/index.php\/wp-json\/wp\/v2\/tags?post=5998"}],"curies":[{"name":"wp","href":"https:\/\/api.w.org\/{rel}","templated":true}]}}